{
    "id": 948,
    "date": "2023-05-03T08:03:00",
    "date_gmt": "2023-05-03T08:03:00",
    "guid": {
        "rendered": "https:\/\/perltaxlaw.at\/?p=948"
    },
    "modified": "2024-05-15T18:48:43",
    "modified_gmt": "2024-05-15T18:48:43",
    "slug": "borsentag-wien-2023-mit-dr-perl",
    "status": "publish",
    "type": "post",
    "link": "https:\/\/perltaxlaw.at\/en\/2023\/05\/03\/borsentag-wien-2023-mit-dr-perl\/",
    "title": {
        "rendered": "B\u00f6rsentag Wien 2023 mit Dr. Perl"
    },
    "content": {
        "rendered": "<p>Am Samstag, 15.04.2023, fand im Austria Center Vienna der diesj\u00e4hrige \u201eB\u00f6rsentag Wien\u201c statt. In dem bis auf den letzten Platz gef\u00fcllten Saal referierte Dr. <a href=\"https:\/\/www.linkedin.com\/in\/ACoAAATqPnoB3nUTFR2076s3THmBjh172Aq2OZ4\"><\/a>Mario Perl &#8211; auf Einladung von CapTrader &#8211; zum Thema \u201cSteuern und Trading in \u00d6sterreich\u201c.<br><br>Das umfangreiche Rahmenprogramm des B\u00f6rsentages bietet sowohl f\u00fcr B\u00f6rsenneulinge als auch f\u00fcr erfahrene Anleger passende Fachvortr\u00e4ge zu den Themen Aktien, Derivate, Marktausblick, Rohstoffe und Kryptow\u00e4hrungen.<br><br>Gratulation an die Organisatoren von B2MS GmbH. Und nat\u00fcrlich vielen Dank an CapTrader sowie <a href=\"https:\/\/www.linkedin.com\/in\/ACoAAClvujEBh-XN_47IHpAnxBQ2jhBM_lzWhCI\"><\/a>Richard Augustin f\u00fcr die gute Zusammenarbeit!<\/p>\n\n\n\n<figure class=\"wp-block-image size-large\"><img data-recalc-dims=\"1\" loading=\"lazy\" decoding=\"async\" width=\"750\" height=\"502\" src=\"https:\/\/i0.wp.com\/perltaxlaw.at\/wp-content\/uploads\/2024\/02\/2023_Boersentag-Wien_Vortrag-Dr-Perl-Mario-2-1-1024x685.jpeg?resize=750%2C502\" alt=\"\" class=\"wp-image-919\" srcset=\"https:\/\/i0.wp.com\/perltaxlaw.at\/wp-content\/uploads\/2024\/02\/2023_Boersentag-Wien_Vortrag-Dr-Perl-Mario-2-1.jpeg?resize=1024%2C685&amp;ssl=1 1024w, https:\/\/i0.wp.com\/perltaxlaw.at\/wp-content\/uploads\/2024\/02\/2023_Boersentag-Wien_Vortrag-Dr-Perl-Mario-2-1.jpeg?resize=300%2C201&amp;ssl=1 300w, https:\/\/i0.wp.com\/perltaxlaw.at\/wp-content\/uploads\/2024\/02\/2023_Boersentag-Wien_Vortrag-Dr-Perl-Mario-2-1.jpeg?resize=768%2C514&amp;ssl=1 768w, https:\/\/i0.wp.com\/perltaxlaw.at\/wp-content\/uploads\/2024\/02\/2023_Boersentag-Wien_Vortrag-Dr-Perl-Mario-2-1.jpeg?resize=18%2C12&amp;ssl=1 18w, https:\/\/i0.wp.com\/perltaxlaw.at\/wp-content\/uploads\/2024\/02\/2023_Boersentag-Wien_Vortrag-Dr-Perl-Mario-2-1.jpeg?w=1280&amp;ssl=1 1280w\" sizes=\"auto, (max-width: 750px) 100vw, 750px\" \/><\/figure>\n\n\n\n<figure class=\"wp-block-image size-large\"><img data-recalc-dims=\"1\" loading=\"lazy\" decoding=\"async\" width=\"750\" height=\"743\" src=\"https:\/\/i0.wp.com\/perltaxlaw.at\/wp-content\/uploads\/2024\/02\/2023_Boersentag-Wien_Vortrag-Dr-Perl-Mario-3-1-1024x1014.jpeg?resize=750%2C743\" alt=\"\" class=\"wp-image-921\" srcset=\"https:\/\/i0.wp.com\/perltaxlaw.at\/wp-content\/uploads\/2024\/02\/2023_Boersentag-Wien_Vortrag-Dr-Perl-Mario-3-1.jpeg?resize=1024%2C1014&amp;ssl=1 1024w, https:\/\/i0.wp.com\/perltaxlaw.at\/wp-content\/uploads\/2024\/02\/2023_Boersentag-Wien_Vortrag-Dr-Perl-Mario-3-1.jpeg?resize=300%2C297&amp;ssl=1 300w, https:\/\/i0.wp.com\/perltaxlaw.at\/wp-content\/uploads\/2024\/02\/2023_Boersentag-Wien_Vortrag-Dr-Perl-Mario-3-1.jpeg?resize=150%2C150&amp;ssl=1 150w, https:\/\/i0.wp.com\/perltaxlaw.at\/wp-content\/uploads\/2024\/02\/2023_Boersentag-Wien_Vortrag-Dr-Perl-Mario-3-1.jpeg?resize=768%2C761&amp;ssl=1 768w, https:\/\/i0.wp.com\/perltaxlaw.at\/wp-content\/uploads\/2024\/02\/2023_Boersentag-Wien_Vortrag-Dr-Perl-Mario-3-1.jpeg?resize=12%2C12&amp;ssl=1 12w, https:\/\/i0.wp.com\/perltaxlaw.at\/wp-content\/uploads\/2024\/02\/2023_Boersentag-Wien_Vortrag-Dr-Perl-Mario-3-1.jpeg?w=1280&amp;ssl=1 1280w\" sizes=\"auto, (max-width: 750px) 100vw, 750px\" \/><\/figure>\n\n\n\n<figure class=\"wp-block-image size-large\"><img data-recalc-dims=\"1\" loading=\"lazy\" decoding=\"async\" width=\"750\" height=\"602\" src=\"https:\/\/i0.wp.com\/perltaxlaw.at\/wp-content\/uploads\/2024\/02\/2023_Boersentag-Wien_Vortrag-Dr-Perl-Mario-4-1-1024x822.jpeg?resize=750%2C602\" alt=\"\" class=\"wp-image-922\" srcset=\"https:\/\/i0.wp.com\/perltaxlaw.at\/wp-content\/uploads\/2024\/02\/2023_Boersentag-Wien_Vortrag-Dr-Perl-Mario-4-1.jpeg?resize=1024%2C822&amp;ssl=1 1024w, https:\/\/i0.wp.com\/perltaxlaw.at\/wp-content\/uploads\/2024\/02\/2023_Boersentag-Wien_Vortrag-Dr-Perl-Mario-4-1.jpeg?resize=300%2C241&amp;ssl=1 300w, https:\/\/i0.wp.com\/perltaxlaw.at\/wp-content\/uploads\/2024\/02\/2023_Boersentag-Wien_Vortrag-Dr-Perl-Mario-4-1.jpeg?resize=768%2C617&amp;ssl=1 768w, https:\/\/i0.wp.com\/perltaxlaw.at\/wp-content\/uploads\/2024\/02\/2023_Boersentag-Wien_Vortrag-Dr-Perl-Mario-4-1.jpeg?resize=15%2C12&amp;ssl=1 15w, https:\/\/i0.wp.com\/perltaxlaw.at\/wp-content\/uploads\/2024\/02\/2023_Boersentag-Wien_Vortrag-Dr-Perl-Mario-4-1.jpeg?w=1280&amp;ssl=1 1280w\" sizes=\"auto, (max-width: 750px) 100vw, 750px\" \/><\/figure>",
        "protected": false
    },
    "excerpt": {
        "rendered": "<p>Am Samstag, 15.04.2023, fand im Austria Center Vienna der diesj\u00e4hrige \u201eB\u00f6rsentag Wien\u201c statt. In dem bis auf den letzten Platz gef\u00fcllten Saal referierte Dr. Mario Perl &#8211; auf Einladung von CapTrader &#8211; zum Thema \u201cSteuern und Trading in \u00d6sterreich\u201c. Das umfangreiche Rahmenprogramm des B\u00f6rsentages bietet sowohl f\u00fcr B\u00f6rsenneulinge als auch f\u00fcr erfahrene Anleger passende Fachvortr\u00e4ge&#x2026; <\/p>\n<p class=\"more-link-container wp-block-button is-style-outline\"><a href=\"https:\/\/perltaxlaw.at\/en\/2023\/05\/03\/borsentag-wien-2023-mit-dr-perl\/\" class=\"more-link wp-block-button__link\">Continue reading <span class=\"screen-reader-text\">B\u00f6rsentag Wien 2023 mit Dr. Perl<\/span><\/a><\/p>",
        "protected": false
    },
    "author": 1,
    "featured_media": 918,
    "comment_status": "open",
    "ping_status": "open",
    "sticky": false,
    "template": "",
    "format": "standard",
    "meta": {
        "_jetpack_memberships_contains_paid_content": false,
        "footnotes": ""
    },
    "categories": [
        1
    ],
    "tags": [],
    "class_list": [
        "post-948",
        "post",
        "type-post",
        "status-publish",
        "format-standard",
        "has-post-thumbnail",
        "hentry",
        "category-uncategorized"
    ],
    "jetpack_featured_media_url": "https:\/\/i0.wp.com\/perltaxlaw.at\/wp-content\/uploads\/2024\/02\/2023_Boersentag-Wien_Vortrag-Dr-Perl-Mario-4-e1715796223669.jpeg?fit=682%2C157&ssl=1",
    "jetpack_sharing_enabled": true,
    "_links": {
        "self": [
            {
                "href": "https:\/\/perltaxlaw.at\/en\/wp-json\/wp\/v2\/posts\/948",
                "targetHints": {
                    "allow": [
                        "GET"
                    ]
                }
            }
        ],
        "collection": [
            {
                "href": "https:\/\/perltaxlaw.at\/en\/wp-json\/wp\/v2\/posts"
            }
        ],
        "about": [
            {
                "href": "https:\/\/perltaxlaw.at\/en\/wp-json\/wp\/v2\/types\/post"
            }
        ],
        "author": [
            {
                "embeddable": true,
                "href": "https:\/\/perltaxlaw.at\/en\/wp-json\/wp\/v2\/users\/1"
            }
        ],
        "replies": [
            {
                "embeddable": true,
                "href": "https:\/\/perltaxlaw.at\/en\/wp-json\/wp\/v2\/comments?post=948"
            }
        ],
        "version-history": [
            {
                "count": 2,
                "href": "https:\/\/perltaxlaw.at\/en\/wp-json\/wp\/v2\/posts\/948\/revisions"
            }
        ],
        "predecessor-version": [
            {
                "id": 1012,
                "href": "https:\/\/perltaxlaw.at\/en\/wp-json\/wp\/v2\/posts\/948\/revisions\/1012"
            }
        ],
        "wp:featuredmedia": [
            {
                "embeddable": true,
                "href": "https:\/\/perltaxlaw.at\/en\/wp-json\/wp\/v2\/media\/918"
            }
        ],
        "wp:attachment": [
            {
                "href": "https:\/\/perltaxlaw.at\/en\/wp-json\/wp\/v2\/media?parent=948"
            }
        ],
        "wp:term": [
            {
                "taxonomy": "category",
                "embeddable": true,
                "href": "https:\/\/perltaxlaw.at\/en\/wp-json\/wp\/v2\/categories?post=948"
            },
            {
                "taxonomy": "post_tag",
                "embeddable": true,
                "href": "https:\/\/perltaxlaw.at\/en\/wp-json\/wp\/v2\/tags?post=948"
            }
        ],
        "curies": [
            {
                "name": "wp",
                "href": "https:\/\/api.w.org\/{rel}",
                "templated": true
            }
        ]
    }
}