{
    "id": 934,
    "date": "2024-01-08T09:15:00",
    "date_gmt": "2024-01-08T09:15:00",
    "guid": {
        "rendered": "https:\/\/perltaxlaw.at\/?p=934"
    },
    "modified": "2024-05-15T18:20:11",
    "modified_gmt": "2024-05-15T18:20:11",
    "slug": "neue-gesellschafts-und-abgabenrechtliche-regelungen-ab-01-01-2024",
    "status": "publish",
    "type": "post",
    "link": "https:\/\/perltaxlaw.at\/en\/2024\/01\/08\/neue-gesellschafts-und-abgabenrechtliche-regelungen-ab-01-01-2024\/",
    "title": {
        "rendered": "Neue gesellschafts- und abgabenrechtliche Regelungen ab 01.01.2024"
    },
    "content": {
        "rendered": "<p>Das Team von&nbsp;PERL&nbsp;TAX &amp; LAW, rund um Unternehmensgr\u00fcnder Dr. Mario Perl, w\u00fcnscht Ihnen VIEL ERFOLG IM NEUEN JAHR! Mit Beginn des neuen Jahres gelten neue GESELLSCHAFTS- und ABGABENRECHTLICHE Regelungen, wobei nachstehend \u00c4nderungen bei Kapitalgesellschaften &#8211; auszugsweise &#8211; dargelegt werden.<\/p>\n\n\n\n<p><strong>VON BERATERN. F\u00dcR BERATER.<\/strong><br><strong>\u00c4nderungen bei Kapitalgesellschaften<\/strong><\/p>\n\n\n\n<ul class=\"wp-block-list\">\n<li><strong>K\u00f6rperschaftsteuer (K\u00d6St)<\/strong>\n<ul class=\"wp-block-list\">\n<li>Senkung der K\u00d6St auf den endg\u00fcltigen Steuersatz von 23 %<\/li>\n\n\n\n<li>im Zuge der \u00f6kosozialen Steuerreform<\/li>\n<\/ul>\n<\/li>\n\n\n\n<li><strong>GmbH-Mindeststammkapital<\/strong>\n<ul class=\"wp-block-list\">\n<li>Absenkung auf EUR 10.000 (statt bisher EUR 35.000)<\/li>\n\n\n\n<li>Absenkung der Mindesteinlage auf EUR 5.000 (statt bisher EUR 17.500)<\/li>\n<\/ul>\n<\/li>\n<\/ul>\n\n\n\n<ul class=\"wp-block-list\">\n<li><strong>Flexible Kapitalgesellschaft<br>(FlexKapG, FlexCo)<\/strong>\n<ul class=\"wp-block-list\">\n<li>Schaffung einer neuen Rechtsform<\/li>\n\n\n\n<li>Flexibilit\u00e4t&nbsp; insbesondere f\u00fcr Start-Up-Unternehmen<\/li>\n\n\n\n<li>Einfachere \u00dcbertragung von Beteiligungen (zB durch Beurkundung durch einen Rechtsanwalt) und Beteiligungsarten mit unterschiedlichen Rechten<\/li>\n<\/ul>\n<\/li>\n\n\n\n<li><strong>Mindestk\u00f6rperschaftsteuer<\/strong>\n<ul class=\"wp-block-list\">\n<li>Festlegung auf EUR 500 pro Jahr f\u00fcr GmbH und FlexCo<\/li>\n\n\n\n<li>Entfall der bisherigen Beg\u00fcnstigungen f\u00fcr die ersten zehn Jahre und Entfall des Normalsatzes von bisher EUR 1.750<\/li>\n<\/ul>\n<\/li>\n\n\n\n<li><strong>Start-Up-Mitarbeiterbeteiligungen<\/strong>\n<ul class=\"wp-block-list\">\n<li>Aufschub der Besteuerung im Hinblick auf den geldwerten Vorteil bei Gew\u00e4hrung der Start-Up-Mitarbeiterbeteiligung,<\/li>\n\n\n\n<li>bs zur Ver\u00e4u\u00dferung mit teilweiser beg\u00fcnstigter Besteuerung (75 % des Ver\u00e4u\u00dferungserl\u00f6ses) mit dem besonderen Steuersatz von 27,5 %<\/li>\n\n\n\n<li>zus\u00e4tzliche Beg\u00fcnstigungen auch bei den sonstigen Lohnabgaben (KommSt, DB, DZ, SV)<\/li>\n<\/ul>\n<\/li>\n<\/ul>",
        "protected": false
    },
    "excerpt": {
        "rendered": "<p>Das Team von&nbsp;PERL&nbsp;TAX &amp; LAW, rund um Unternehmensgr\u00fcnder Dr. Mario Perl, w\u00fcnscht Ihnen VIEL ERFOLG IM NEUEN JAHR! Mit Beginn des neuen Jahres gelten neue GESELLSCHAFTS- und ABGABENRECHTLICHE Regelungen, wobei nachstehend \u00c4nderungen bei Kapitalgesellschaften &#8211; auszugsweise &#8211; dargelegt werden. VON BERATERN. F\u00dcR BERATER.\u00c4nderungen bei Kapitalgesellschaften<\/p>",
        "protected": false
    },
    "author": 1,
    "featured_media": 327,
    "comment_status": "open",
    "ping_status": "open",
    "sticky": false,
    "template": "",
    "format": "standard",
    "meta": {
        "_jetpack_memberships_contains_paid_content": false,
        "footnotes": ""
    },
    "categories": [
        1
    ],
    "tags": [],
    "class_list": [
        "post-934",
        "post",
        "type-post",
        "status-publish",
        "format-standard",
        "has-post-thumbnail",
        "hentry",
        "category-uncategorized"
    ],
    "jetpack_featured_media_url": "https:\/\/i0.wp.com\/perltaxlaw.at\/wp-content\/uploads\/2021\/12\/perl-law_216.jpg?fit=1440%2C932&ssl=1",
    "jetpack_sharing_enabled": true,
    "_links": {
        "self": [
            {
                "href": "https:\/\/perltaxlaw.at\/en\/wp-json\/wp\/v2\/posts\/934",
                "targetHints": {
                    "allow": [
                        "GET"
                    ]
                }
            }
        ],
        "collection": [
            {
                "href": "https:\/\/perltaxlaw.at\/en\/wp-json\/wp\/v2\/posts"
            }
        ],
        "about": [
            {
                "href": "https:\/\/perltaxlaw.at\/en\/wp-json\/wp\/v2\/types\/post"
            }
        ],
        "author": [
            {
                "embeddable": true,
                "href": "https:\/\/perltaxlaw.at\/en\/wp-json\/wp\/v2\/users\/1"
            }
        ],
        "replies": [
            {
                "embeddable": true,
                "href": "https:\/\/perltaxlaw.at\/en\/wp-json\/wp\/v2\/comments?post=934"
            }
        ],
        "version-history": [
            {
                "count": 4,
                "href": "https:\/\/perltaxlaw.at\/en\/wp-json\/wp\/v2\/posts\/934\/revisions"
            }
        ],
        "predecessor-version": [
            {
                "id": 1016,
                "href": "https:\/\/perltaxlaw.at\/en\/wp-json\/wp\/v2\/posts\/934\/revisions\/1016"
            }
        ],
        "wp:featuredmedia": [
            {
                "embeddable": true,
                "href": "https:\/\/perltaxlaw.at\/en\/wp-json\/wp\/v2\/media\/327"
            }
        ],
        "wp:attachment": [
            {
                "href": "https:\/\/perltaxlaw.at\/en\/wp-json\/wp\/v2\/media?parent=934"
            }
        ],
        "wp:term": [
            {
                "taxonomy": "category",
                "embeddable": true,
                "href": "https:\/\/perltaxlaw.at\/en\/wp-json\/wp\/v2\/categories?post=934"
            },
            {
                "taxonomy": "post_tag",
                "embeddable": true,
                "href": "https:\/\/perltaxlaw.at\/en\/wp-json\/wp\/v2\/tags?post=934"
            }
        ],
        "curies": [
            {
                "name": "wp",
                "href": "https:\/\/api.w.org\/{rel}",
                "templated": true
            }
        ]
    }
}