{"id":954,"date":"2023-02-06T08:54:00","date_gmt":"2023-02-06T08:54:00","guid":{"rendered":"https:\/\/perltaxlaw.at\/?p=954"},"modified":"2024-05-15T17:47:11","modified_gmt":"2024-05-15T17:47:11","slug":"volles-haus-bei-der-bildungswoche-in-alpbach","status":"publish","type":"post","link":"https:\/\/perltaxlaw.at\/de\/2023\/02\/06\/volles-haus-bei-der-bildungswoche-in-alpbach\/","title":{"rendered":"Volles Haus bei der 52. Bildungswoche in Alpbach"},"content":{"rendered":"<p>In den Tagen vom 16. bis 20. J\u00e4nner 2023 fand im Tiroler Bergdorf Alpbach die 52. Bildungswoche der \u00f6sterreichischen Holzbau- und Zimmermeister statt.<br><br>Dabei war auch Dr. Mario Perl als Vortragender gemeinsam mit Mag. <a href=\"https:\/\/www.linkedin.com\/in\/ACoAABOkjgABJnidtUOmzVPY0d8AqTnNRKySY5w\"><\/a>Bernhard Schrempf vertreten. In Teil 1 von \u201eSteuer &amp; Recht\u201c wurde zu Betriebspr\u00fcfungen, Verrechnungskonten und Gesch\u00e4ftsf\u00fchrerhaftungen referiert, im zweiten Teil zu den Themen Krisen, Insolvenzen und Restrukturierungen &#8211; in Verbindung mit \u201eSteuer &amp; Recht\u201c &#8211; Bezug genommen.<br><br>Gratulation an die Organisatoren!<\/p>\n\n\n\n<figure class=\"wp-block-image size-large\"><img data-recalc-dims=\"1\" loading=\"lazy\" decoding=\"async\" width=\"750\" height=\"625\" src=\"https:\/\/i0.wp.com\/perltaxlaw.at\/wp-content\/uploads\/2024\/03\/2023_Alpbach_Bildungswoche2-2.jpeg?resize=750%2C625&#038;ssl=1\" alt=\"\" class=\"wp-image-961\" srcset=\"https:\/\/i0.wp.com\/perltaxlaw.at\/wp-content\/uploads\/2024\/03\/2023_Alpbach_Bildungswoche2-2.jpeg?resize=1024%2C853&amp;ssl=1 1024w, https:\/\/i0.wp.com\/perltaxlaw.at\/wp-content\/uploads\/2024\/03\/2023_Alpbach_Bildungswoche2-2.jpeg?resize=300%2C250&amp;ssl=1 300w, https:\/\/i0.wp.com\/perltaxlaw.at\/wp-content\/uploads\/2024\/03\/2023_Alpbach_Bildungswoche2-2.jpeg?resize=768%2C640&amp;ssl=1 768w, https:\/\/i0.wp.com\/perltaxlaw.at\/wp-content\/uploads\/2024\/03\/2023_Alpbach_Bildungswoche2-2.jpeg?resize=14%2C12&amp;ssl=1 14w, https:\/\/i0.wp.com\/perltaxlaw.at\/wp-content\/uploads\/2024\/03\/2023_Alpbach_Bildungswoche2-2.jpeg?w=1280&amp;ssl=1 1280w\" sizes=\"auto, (max-width: 750px) 100vw, 750px\" \/><\/figure>\n\n\n\n<figure class=\"wp-block-image size-large\"><img data-recalc-dims=\"1\" loading=\"lazy\" decoding=\"async\" width=\"750\" height=\"550\" src=\"https:\/\/i0.wp.com\/perltaxlaw.at\/wp-content\/uploads\/2024\/03\/2023_Alpbach_Bildungswoche3-1.jpeg?resize=750%2C550&#038;ssl=1\" alt=\"\" class=\"wp-image-962\" srcset=\"https:\/\/i0.wp.com\/perltaxlaw.at\/wp-content\/uploads\/2024\/03\/2023_Alpbach_Bildungswoche3-1.jpeg?resize=1024%2C751&amp;ssl=1 1024w, https:\/\/i0.wp.com\/perltaxlaw.at\/wp-content\/uploads\/2024\/03\/2023_Alpbach_Bildungswoche3-1.jpeg?resize=300%2C220&amp;ssl=1 300w, https:\/\/i0.wp.com\/perltaxlaw.at\/wp-content\/uploads\/2024\/03\/2023_Alpbach_Bildungswoche3-1.jpeg?resize=768%2C563&amp;ssl=1 768w, https:\/\/i0.wp.com\/perltaxlaw.at\/wp-content\/uploads\/2024\/03\/2023_Alpbach_Bildungswoche3-1.jpeg?resize=16%2C12&amp;ssl=1 16w, https:\/\/i0.wp.com\/perltaxlaw.at\/wp-content\/uploads\/2024\/03\/2023_Alpbach_Bildungswoche3-1.jpeg?w=1242&amp;ssl=1 1242w\" sizes=\"auto, (max-width: 750px) 100vw, 750px\" \/><\/figure>\n\n\n\n<figure class=\"wp-block-image size-large\"><img data-recalc-dims=\"1\" loading=\"lazy\" decoding=\"async\" width=\"750\" height=\"635\" src=\"https:\/\/i0.wp.com\/perltaxlaw.at\/wp-content\/uploads\/2024\/03\/2023_Alpbach_Bildungswoche1-2.jpeg?resize=750%2C635&#038;ssl=1\" alt=\"\" class=\"wp-image-960\" srcset=\"https:\/\/i0.wp.com\/perltaxlaw.at\/wp-content\/uploads\/2024\/03\/2023_Alpbach_Bildungswoche1-2.jpeg?resize=1024%2C867&amp;ssl=1 1024w, https:\/\/i0.wp.com\/perltaxlaw.at\/wp-content\/uploads\/2024\/03\/2023_Alpbach_Bildungswoche1-2.jpeg?resize=300%2C254&amp;ssl=1 300w, https:\/\/i0.wp.com\/perltaxlaw.at\/wp-content\/uploads\/2024\/03\/2023_Alpbach_Bildungswoche1-2.jpeg?resize=768%2C650&amp;ssl=1 768w, https:\/\/i0.wp.com\/perltaxlaw.at\/wp-content\/uploads\/2024\/03\/2023_Alpbach_Bildungswoche1-2.jpeg?resize=14%2C12&amp;ssl=1 14w, https:\/\/i0.wp.com\/perltaxlaw.at\/wp-content\/uploads\/2024\/03\/2023_Alpbach_Bildungswoche1-2.jpeg?w=1280&amp;ssl=1 1280w\" sizes=\"auto, (max-width: 750px) 100vw, 750px\" \/><\/figure>","protected":false},"excerpt":{"rendered":"<p>In den Tagen vom 16. bis 20. J\u00e4nner 2023 fand im Tiroler Bergdorf Alpbach die 52. Bildungswoche der \u00f6sterreichischen Holzbau- und Zimmermeister statt. Dabei war auch Dr. Mario Perl als Vortragender gemeinsam mit Mag. Bernhard Schrempf vertreten. In Teil 1 von \u201eSteuer &amp; Recht\u201c wurde zu Betriebspr\u00fcfungen, Verrechnungskonten und Gesch\u00e4ftsf\u00fchrerhaftungen referiert, im zweiten Teil zu&#x2026; <\/p>\n<p class=\"more-link-container wp-block-button is-style-outline\"><a href=\"https:\/\/perltaxlaw.at\/de\/2023\/02\/06\/volles-haus-bei-der-bildungswoche-in-alpbach\/\" class=\"more-link wp-block-button__link\">Continue reading <span class=\"screen-reader-text\">Volles Haus bei der 52. Bildungswoche in Alpbach<\/span><\/a><\/p>","protected":false},"author":1,"featured_media":963,"comment_status":"open","ping_status":"open","sticky":false,"template":"","format":"standard","meta":{"_jetpack_memberships_contains_paid_content":false,"footnotes":""},"categories":[1],"tags":[],"class_list":["post-954","post","type-post","status-publish","format-standard","has-post-thumbnail","hentry","category-uncategorized"],"jetpack_featured_media_url":"https:\/\/i0.wp.com\/perltaxlaw.at\/wp-content\/uploads\/2024\/03\/2023_Alpbach_Bildungswoche1-3-e1715785096956.jpeg?fit=974%2C405&ssl=1","jetpack_sharing_enabled":true,"_links":{"self":[{"href":"https:\/\/perltaxlaw.at\/de\/wp-json\/wp\/v2\/posts\/954","targetHints":{"allow":["GET"]}}],"collection":[{"href":"https:\/\/perltaxlaw.at\/de\/wp-json\/wp\/v2\/posts"}],"about":[{"href":"https:\/\/perltaxlaw.at\/de\/wp-json\/wp\/v2\/types\/post"}],"author":[{"embeddable":true,"href":"https:\/\/perltaxlaw.at\/de\/wp-json\/wp\/v2\/users\/1"}],"replies":[{"embeddable":true,"href":"https:\/\/perltaxlaw.at\/de\/wp-json\/wp\/v2\/comments?post=954"}],"version-history":[{"count":3,"href":"https:\/\/perltaxlaw.at\/de\/wp-json\/wp\/v2\/posts\/954\/revisions"}],"predecessor-version":[{"id":1004,"href":"https:\/\/perltaxlaw.at\/de\/wp-json\/wp\/v2\/posts\/954\/revisions\/1004"}],"wp:featuredmedia":[{"embeddable":true,"href":"https:\/\/perltaxlaw.at\/de\/wp-json\/wp\/v2\/media\/963"}],"wp:attachment":[{"href":"https:\/\/perltaxlaw.at\/de\/wp-json\/wp\/v2\/media?parent=954"}],"wp:term":[{"taxonomy":"category","embeddable":true,"href":"https:\/\/perltaxlaw.at\/de\/wp-json\/wp\/v2\/categories?post=954"},{"taxonomy":"post_tag","embeddable":true,"href":"https:\/\/perltaxlaw.at\/de\/wp-json\/wp\/v2\/tags?post=954"}],"curies":[{"name":"wp","href":"https:\/\/api.w.org\/{rel}","templated":true}]}}